{"id":7141,"date":"2015-09-28T09:15:08","date_gmt":"2015-09-28T07:15:08","guid":{"rendered":"http:\/\/www.freiwilligefeuerwehr.at\/?p=7141"},"modified":"2015-10-05T20:11:21","modified_gmt":"2015-10-05T18:11:21","slug":"26-28-09-2015-kirtagsbierzelt-st-agatha","status":"publish","type":"post","link":"https:\/\/www.freiwilligefeuerwehr.at\/?p=7141","title":{"rendered":"26. &#8211; 28. 09.2015: Kirtagsbierzelt St. Agatha"},"content":{"rendered":"<p>Von Samstag 26. 9. bis Montag 28. 9. findet heuer wieder das Kirtagsbierzelt in St. Agatha statt. <!--more-->In bew\u00e4hrter Weise gibt es wieder ein musikalisches Unterhaltungsprogramm mit Blasmusik, Oberkrainer Musik und aktuellen Musikhits. F\u00fcr die Verpflegung ist nat\u00fcrlich auch ausreichend mit Hendl, Bratw\u00fcrstel und Pommes Frites usw. gesorgt.<\/p>\n<p>Wie schon die letzten mehr als 40 Jahre gibt es das Alles im Holzstangen-Bierzelt und bei freiem Eintritt. Die Einnahmen aus dem Bierzeltbetrieb dienen zur Finanzierung notwendiger Feuerwehrausr\u00fcstungsgegenst\u00e4nde.<\/p>\n<p><a href=\"https:\/\/www.freiwilligefeuerwehr.at\/wp-content\/uploads\/2015\/08\/Kirtag_Plakat2015_5.jpg\"><img loading=\"lazy\" decoding=\"async\" class=\"alignnone size-full wp-image-7163\" src=\"https:\/\/www.freiwilligefeuerwehr.at\/wp-content\/uploads\/2015\/08\/Kirtag_Plakat2015_5.jpg\" alt=\"Kirtag_Plakat2015\" width=\"500\" height=\"707\" \/><\/a><\/p>\n<p>&nbsp;<\/p>\n<p>Fahrplan f\u00fcr Pensionistennachmittag Samstag 26. 9. 2015:<\/p>\n<p><a href=\"https:\/\/www.freiwilligefeuerwehr.at\/wp-content\/uploads\/2014\/09\/Fahrplan_2014_5.jpg\"><img loading=\"lazy\" decoding=\"async\" class=\"alignnone size-full wp-image-4621\" src=\"https:\/\/www.freiwilligefeuerwehr.at\/wp-content\/uploads\/2014\/09\/Fahrplan_2014_5.jpg\" alt=\"Flugblatt 2014\" width=\"500\" height=\"300\" \/><\/a><\/p>\n","protected":false},"excerpt":{"rendered":"<p>Von Samstag 26. 9. bis Montag 28. 9. findet heuer wieder das Kirtagsbierzelt in St. Agatha statt.<\/p>\n","protected":false},"author":4,"featured_media":365,"comment_status":"closed","ping_status":"closed","sticky":false,"template":"","format":"standard","meta":{"_monsterinsights_skip_tracking":false,"ngg_post_thumbnail":0,"footnotes":""},"categories":[5],"tags":[10],"class_list":["post-7141","post","type-post","status-publish","format-standard","has-post-thumbnail","hentry","category-veranstaltungen","tag-bierzelt"],"_links":{"self":[{"href":"https:\/\/www.freiwilligefeuerwehr.at\/index.php?rest_route=\/wp\/v2\/posts\/7141","targetHints":{"allow":["GET"]}}],"collection":[{"href":"https:\/\/www.freiwilligefeuerwehr.at\/index.php?rest_route=\/wp\/v2\/posts"}],"about":[{"href":"https:\/\/www.freiwilligefeuerwehr.at\/index.php?rest_route=\/wp\/v2\/types\/post"}],"author":[{"embeddable":true,"href":"https:\/\/www.freiwilligefeuerwehr.at\/index.php?rest_route=\/wp\/v2\/users\/4"}],"replies":[{"embeddable":true,"href":"https:\/\/www.freiwilligefeuerwehr.at\/index.php?rest_route=%2Fwp%2Fv2%2Fcomments&post=7141"}],"version-history":[{"count":4,"href":"https:\/\/www.freiwilligefeuerwehr.at\/index.php?rest_route=\/wp\/v2\/posts\/7141\/revisions"}],"predecessor-version":[{"id":7164,"href":"https:\/\/www.freiwilligefeuerwehr.at\/index.php?rest_route=\/wp\/v2\/posts\/7141\/revisions\/7164"}],"wp:featuredmedia":[{"embeddable":true,"href":"https:\/\/www.freiwilligefeuerwehr.at\/index.php?rest_route=\/wp\/v2\/media\/365"}],"wp:attachment":[{"href":"https:\/\/www.freiwilligefeuerwehr.at\/index.php?rest_route=%2Fwp%2Fv2%2Fmedia&parent=7141"}],"wp:term":[{"taxonomy":"category","embeddable":true,"href":"https:\/\/www.freiwilligefeuerwehr.at\/index.php?rest_route=%2Fwp%2Fv2%2Fcategories&post=7141"},{"taxonomy":"post_tag","embeddable":true,"href":"https:\/\/www.freiwilligefeuerwehr.at\/index.php?rest_route=%2Fwp%2Fv2%2Ftags&post=7141"}],"curies":[{"name":"wp","href":"https:\/\/api.w.org\/{rel}","templated":true}]}}