{"id":13962,"date":"2026-09-01T11:55:56","date_gmt":"2026-09-01T09:55:56","guid":{"rendered":"https:\/\/www.freiwilligefeuerwehr.at\/?p=13962"},"modified":"2026-09-01T11:55:56","modified_gmt":"2026-09-01T09:55:56","slug":"26-09-28-09-2026-54-kirtagsbierzelt-st-agatha","status":"publish","type":"post","link":"https:\/\/www.freiwilligefeuerwehr.at\/?p=13962","title":{"rendered":"26.09. \u2013 28.09.2026: 54. Kirtagsbierzelt St. Agatha"},"content":{"rendered":"<p>Eine der traditionellsten Veranstaltungen des inneren Salzkammergutes findet heuer vom 26. bis 28. September statt.<!--more--><\/p>\n<div class=\"wp-block-group\">\n<div class=\"wp-block-group__inner-container is-layout-constrained wp-block-group-is-layout-constrained\">&nbsp;<\/div>\n<\/div>\n<p>Die Holzkonstruktion des Bierzelts, das Musikprogramm bei angenehmer Lautst\u00e4rke, der freie Eintritt an allen Tagen sowie ein umfangreicher Vergn\u00fcgungspark locken Besucher aus nah und fern an. Das besondere Flair der Veranstaltung bildet die Basis f\u00fcr beste Unterhaltung von Jung und Alt.<\/p>\n<p><a href=\"https:\/\/www.freiwilligefeuerwehr.at\/wp-content\/uploads\/2026\/09\/Plakat2026_.jpg\"><img loading=\"lazy\" decoding=\"async\" class=\"aligncenter  wp-image-13963\" src=\"https:\/\/www.freiwilligefeuerwehr.at\/wp-content\/uploads\/2026\/09\/Plakat2026_-724x1024.jpg\" alt=\"\" width=\"359\" height=\"508\" srcset=\"https:\/\/www.freiwilligefeuerwehr.at\/wp-content\/uploads\/2026\/09\/Plakat2026_-724x1024.jpg 724w, https:\/\/www.freiwilligefeuerwehr.at\/wp-content\/uploads\/2026\/09\/Plakat2026_-212x300.jpg 212w, https:\/\/www.freiwilligefeuerwehr.at\/wp-content\/uploads\/2026\/09\/Plakat2026_-768x1086.jpg 768w, https:\/\/www.freiwilligefeuerwehr.at\/wp-content\/uploads\/2026\/09\/Plakat2026_.jpg 1000w\" sizes=\"auto, (max-width: 359px) 100vw, 359px\" \/><\/a><\/p>\n<p>An allen drei Tagen gibt es heuer wieder die Alm Bar im Aussenbereich. W\u00e4hrend des Tages gibt es dort traditionelle Holzknecktnocka und am Abend Barbetrieb mit Volksmusik. Am Samstag findet der 53. Pensionisten-Nachmittag der Marktgemeinde Bad Goisern statt. Die Feuerwehrmusik St. Agatha sorgt dabei f\u00fcr die musikalische Unterhaltung. Sp\u00e4ter sorgen \u201eDie Kaiserw\u00e4lder\u201c aus der Steiermark f\u00fcr das Abendprogramm. Der Fr\u00fchschoppen am Sonntag beginnt mit der Musikkapelle Mitterwei\u00dfenbach. F\u00fcr die gute Stimmung zum Kirtagsrummel am Nachmittag sorgt die Musikkapelle Untersee. Die \u201eEdelwei\u00df 3\u201c bringen am Abend dann den n\u00f6tigen Schwung ins Bierzelt. Das \u201eBlabler- und Hausfrauentreffen\u201c am Bierzeltmontag ab Mittag bildet den Abschluss des Bierzeltwochenendes. Dazu sorgen die \u201eM&amp;M\u2019s\u201c f\u00fcr gute Stimmung im Zelt und am Abend ist der \u201eSalzkammergut Express\u201c f\u00fcr die musikalische Unterhaltung zust\u00e4ndig.<\/p>\n<p>F\u00fcr einen sicheren Nachhauseweg nach \u201eJubel, Trubel, Heiterkeit\u201c \u2013 beim Kirtag und im Bierzelt \u2013 sorgen wie immer die einheimischen Taxiunternehmen.<\/p>\n<p>Der Reinerl\u00f6s der Veranstaltung hilft der FF St. Agatha, notwendige Rettungsger\u00e4te und Ausr\u00fcstungsgegenst\u00e4nde zu finanzieren.<\/p>\n\n\n<p><\/p>\n","protected":false},"excerpt":{"rendered":"<p>Eine der traditionellsten Veranstaltungen des inneren Salzkammergutes findet heuer vom 26. bis 28. September statt.<\/p>\n","protected":false},"author":5,"featured_media":365,"comment_status":"closed","ping_status":"closed","sticky":false,"template":"","format":"standard","meta":{"_monsterinsights_skip_tracking":false,"ngg_post_thumbnail":0,"footnotes":""},"categories":[5],"tags":[10],"class_list":["post-13962","post","type-post","status-publish","format-standard","has-post-thumbnail","hentry","category-veranstaltungen","tag-bierzelt"],"_links":{"self":[{"href":"https:\/\/www.freiwilligefeuerwehr.at\/index.php?rest_route=\/wp\/v2\/posts\/13962","targetHints":{"allow":["GET"]}}],"collection":[{"href":"https:\/\/www.freiwilligefeuerwehr.at\/index.php?rest_route=\/wp\/v2\/posts"}],"about":[{"href":"https:\/\/www.freiwilligefeuerwehr.at\/index.php?rest_route=\/wp\/v2\/types\/post"}],"author":[{"embeddable":true,"href":"https:\/\/www.freiwilligefeuerwehr.at\/index.php?rest_route=\/wp\/v2\/users\/5"}],"replies":[{"embeddable":true,"href":"https:\/\/www.freiwilligefeuerwehr.at\/index.php?rest_route=%2Fwp%2Fv2%2Fcomments&post=13962"}],"version-history":[{"count":1,"href":"https:\/\/www.freiwilligefeuerwehr.at\/index.php?rest_route=\/wp\/v2\/posts\/13962\/revisions"}],"predecessor-version":[{"id":13964,"href":"https:\/\/www.freiwilligefeuerwehr.at\/index.php?rest_route=\/wp\/v2\/posts\/13962\/revisions\/13964"}],"wp:featuredmedia":[{"embeddable":true,"href":"https:\/\/www.freiwilligefeuerwehr.at\/index.php?rest_route=\/wp\/v2\/media\/365"}],"wp:attachment":[{"href":"https:\/\/www.freiwilligefeuerwehr.at\/index.php?rest_route=%2Fwp%2Fv2%2Fmedia&parent=13962"}],"wp:term":[{"taxonomy":"category","embeddable":true,"href":"https:\/\/www.freiwilligefeuerwehr.at\/index.php?rest_route=%2Fwp%2Fv2%2Fcategories&post=13962"},{"taxonomy":"post_tag","embeddable":true,"href":"https:\/\/www.freiwilligefeuerwehr.at\/index.php?rest_route=%2Fwp%2Fv2%2Ftags&post=13962"}],"curies":[{"name":"wp","href":"https:\/\/api.w.org\/{rel}","templated":true}]}}